{"id":6731,"date":"2022-05-30T11:23:53","date_gmt":"2022-05-30T09:23:53","guid":{"rendered":"https:\/\/www.fh-group.dk\/interne-umweltkommunikation\/"},"modified":"2022-08-12T14:55:26","modified_gmt":"2022-08-12T12:55:26","slug":"interne-umweltkommunikation","status":"publish","type":"post","link":"https:\/\/fh-group.dk\/de\/interne-umweltkommunikation\/","title":{"rendered":"Interne Umweltkommunikation"},"content":{"rendered":"[vc_row type=&#8221;full_width_background&#8221; full_screen_row_position=&#8221;middle&#8221; column_margin=&#8221;default&#8221; column_direction=&#8221;default&#8221; column_direction_tablet=&#8221;default&#8221; column_direction_phone=&#8221;default&#8221; bg_image=&#8221;6634&#8243; bg_position=&#8221;center center&#8221; background_image_loading=&#8221;default&#8221; bg_repeat=&#8221;no-repeat&#8221; scene_position=&#8221;center&#8221; top_padding=&#8221;18%&#8221; bottom_padding=&#8221;18%&#8221; top_padding_tablet=&#8221;35%&#8221; constrain_group_3=&#8221;yes&#8221; bottom_padding_tablet=&#8221;35%&#8221; text_color=&#8221;dark&#8221; text_align=&#8221;left&#8221; row_border_radius=&#8221;none&#8221; row_border_radius_applies=&#8221;bg&#8221; overlay_strength=&#8221;0.3&#8243; gradient_direction=&#8221;left_to_right&#8221; shape_divider_position=&#8221;bottom&#8221; bg_image_animation=&#8221;none&#8221; shape_type=&#8221;&#8221;][vc_column column_padding=&#8221;no-extra-padding&#8221; column_padding_tablet=&#8221;inherit&#8221; column_padding_phone=&#8221;inherit&#8221; column_padding_position=&#8221;all&#8221; column_element_spacing=&#8221;default&#8221; background_color_opacity=&#8221;1&#8243; background_hover_color_opacity=&#8221;1&#8243; column_shadow=&#8221;none&#8221; column_border_radius=&#8221;none&#8221; column_link_target=&#8221;_self&#8221; gradient_direction=&#8221;left_to_right&#8221; overlay_strength=&#8221;0.3&#8243; width=&#8221;1\/1&#8243; tablet_width_inherit=&#8221;default&#8221; tablet_text_alignment=&#8221;default&#8221; phone_text_alignment=&#8221;default&#8221; bg_image_animation=&#8221;none&#8221; border_type=&#8221;simple&#8221; column_border_width=&#8221;none&#8221; column_border_style=&#8221;solid&#8221;][image_with_animation image_url=&#8221;6566&#8243; animation=&#8221;Fade In&#8221; hover_animation=&#8221;none&#8221; alignment=&#8221;&#8221; border_radius=&#8221;none&#8221; box_shadow=&#8221;none&#8221; image_loading=&#8221;default&#8221; max_width=&#8221;100%&#8221; max_width_mobile=&#8221;default&#8221; el_class=&#8221;header-watermark&#8221;][\/vc_column][\/vc_row][vc_row type=&#8221;in_container&#8221; full_screen_row_position=&#8221;middle&#8221; column_margin=&#8221;default&#8221; column_direction=&#8221;default&#8221; column_direction_tablet=&#8221;default&#8221; column_direction_phone=&#8221;default&#8221; bg_color=&#8221;#f8f8f8&#8243; scene_position=&#8221;center&#8221; top_padding=&#8221;5%&#8221; constrain_group_1=&#8221;yes&#8221; bottom_padding=&#8221;5%&#8221; left_padding_desktop=&#8221;5%&#8221; constrain_group_2=&#8221;yes&#8221; right_padding_desktop=&#8221;5%&#8221; translate_y=&#8221;-75px&#8221; text_color=&#8221;dark&#8221; text_align=&#8221;left&#8221; row_border_radius=&#8221;none&#8221; row_border_radius_applies=&#8221;bg&#8221; zindex=&#8221;10&#8243; overlay_strength=&#8221;0.3&#8243; gradient_direction=&#8221;left_to_right&#8221; shape_divider_position=&#8221;bottom&#8221; bg_image_animation=&#8221;none&#8221; shape_type=&#8221;&#8221;][vc_column column_padding=&#8221;no-extra-padding&#8221; column_padding_tablet=&#8221;inherit&#8221; column_padding_phone=&#8221;inherit&#8221; column_padding_position=&#8221;all&#8221; column_element_spacing=&#8221;default&#8221; background_color_opacity=&#8221;1&#8243; background_hover_color_opacity=&#8221;1&#8243; column_shadow=&#8221;none&#8221; column_border_radius=&#8221;none&#8221; column_link_target=&#8221;_self&#8221; gradient_direction=&#8221;left_to_right&#8221; overlay_strength=&#8221;0.3&#8243; width=&#8221;1\/1&#8243; tablet_width_inherit=&#8221;default&#8221; tablet_text_alignment=&#8221;default&#8221; phone_text_alignment=&#8221;default&#8221; bg_image_animation=&#8221;none&#8221; border_type=&#8221;simple&#8221; column_border_width=&#8221;none&#8221; column_border_style=&#8221;solid&#8221;][vc_custom_heading text=&#8221;Interne Umweltkommunikation&#8221; font_container=&#8221;tag:h2|font_size:51|text_align:left&#8221; use_theme_fonts=&#8221;yes&#8221; css=&#8221;.vc_custom_1653483733018{margin-bottom: 30px !important;}&#8221; el_class=&#8221;word-break&#8221;][vc_custom_heading text=&#8221;Wir streben an, dass unsere Arbeit mit dem Teil der Strategie, bei dem es um Nachhaltigkeit geht, im Inneren beginnt und nach au\u00dfen w\u00e4chst. Bei den ersten Schritten ging es daher darum, ein gemeinsames Verst\u00e4ndnis daf\u00fcr zu schaffen, was Nachhaltigkeit und umweltfreundlicher Wandel bedeuten.&#8221; font_container=&#8221;tag:h6|text_align:left&#8221; use_theme_fonts=&#8221;yes&#8221; css=&#8221;.vc_custom_1653479035631{margin-bottom: 30px !important;}&#8221;][vc_row_inner column_margin=&#8221;default&#8221; column_direction=&#8221;default&#8221; column_direction_tablet=&#8221;default&#8221; column_direction_phone=&#8221;default&#8221; text_align=&#8221;left&#8221;][vc_column_inner column_padding=&#8221;no-extra-padding&#8221; column_padding_tablet=&#8221;inherit&#8221; column_padding_phone=&#8221;inherit&#8221; column_padding_position=&#8221;all&#8221; column_element_spacing=&#8221;default&#8221; background_color_opacity=&#8221;1&#8243; background_hover_color_opacity=&#8221;1&#8243; column_shadow=&#8221;none&#8221; column_border_radius=&#8221;none&#8221; column_link_target=&#8221;_self&#8221; gradient_direction=&#8221;left_to_right&#8221; overlay_strength=&#8221;0.3&#8243; width=&#8221;1\/2&#8243; tablet_width_inherit=&#8221;default&#8221; bg_image_animation=&#8221;none&#8221; border_type=&#8221;simple&#8221; column_border_width=&#8221;none&#8221; column_border_style=&#8221;solid&#8221;][vc_column_text]Verkaufsdirektor Peter Axelsen und Product Compliance Managerin Chinette Bonde Ebbesen haben in allen Gesch\u00e4ftsstellen, sowohl national als auch international, Vortr\u00e4ge \u00fcber interne Umweltkommunikation gehalten und so f\u00fcr ein gemeinsames Verst\u00e4ndnis \u00fcber Nachhaltigkeit in den Abteilungen des Unternehmens gesorgt.<\/p>\n<p>In den Vortr\u00e4gen wurde das Augenmerk u.\u00a0a. auf den Begriff <em>Nachhaltigkeit<\/em> gelenkt, der sehr breit definiert werden kann. Es wurde deutlich gemacht, dass wir bei der Vermarktung unserer Waren keine allgemeinen Statements verwenden. Stattdessen sprechen wir \u00fcber die konkreten positiven Eigenschaften, die die jeweilige Ware aufweist. Au\u00dferdem wurden Fallstricke wie <em>Green Washing <\/em>und <em>Green Blushing<\/em> erl\u00e4utert.[\/vc_column_text][\/vc_column_inner][vc_column_inner column_padding=&#8221;no-extra-padding&#8221; column_padding_tablet=&#8221;inherit&#8221; column_padding_phone=&#8221;inherit&#8221; column_padding_position=&#8221;all&#8221; column_element_spacing=&#8221;default&#8221; background_color_opacity=&#8221;1&#8243; background_hover_color_opacity=&#8221;1&#8243; column_shadow=&#8221;none&#8221; column_border_radius=&#8221;none&#8221; column_link_target=&#8221;_self&#8221; gradient_direction=&#8221;left_to_right&#8221; overlay_strength=&#8221;0.3&#8243; width=&#8221;1\/2&#8243; tablet_width_inherit=&#8221;default&#8221; bg_image_animation=&#8221;none&#8221; border_type=&#8221;simple&#8221; column_border_width=&#8221;none&#8221; column_border_style=&#8221;solid&#8221;][vc_column_text]Es wurde deutlich, dass die Mitarbeiter ein sehr unterschiedliches Verst\u00e4ndnis vom Begriff Nachhaltigkeit haben, was Anlass zu Diskussionen, Brainstorming und dem Sammeln von Ideen gegeben hat, die langfristig einen nachhaltigen Wandel bei der F&amp;H Group sicherstellen k\u00f6nnen.<\/p>\n<p>Damit wir uns hin zu Vertrieb, Einkauf und Produktion mit Nachhaltigkeit bewegen k\u00f6nnen, m\u00fcssen wir mehr \u00fcber unsere CO<sub>2<\/sub>-Emissionen wissen. Wir leben vom Verbrauch unserer Kunden und der wird nie nachhaltig sein. Unser Ziel ist es nicht, nachhaltig zu werden, sondern an den Stellen \u00c4nderungen vorzunehmen, an denen wir dies auf sinnvolle Weise tun k\u00f6nnen, damit unsere Waren einen weniger negativen Fu\u00dfabdruck hinterlassen.[\/vc_column_text][\/vc_column_inner][\/vc_row_inner][\/vc_column][\/vc_row]\n","protected":false},"excerpt":{"rendered":"<p>Wir streben an, dass unsere Arbeit mit dem Teil der Strategie, bei dem es um Nachhaltigkeit geht, im Inneren beginnt und nach au\u00dfen w\u00e4chst. Bei den ersten Schritten ging es daher darum, ein gemeinsames Verst\u00e4ndnis daf\u00fcr zu schaffen.<\/p>\n","protected":false},"author":8,"featured_media":6678,"comment_status":"closed","ping_status":"closed","sticky":false,"template":"","format":"standard","meta":{"footnotes":""},"categories":[29,8],"tags":[],"class_list":{"0":"post-6731","1":"post","2":"type-post","3":"status-publish","4":"format-standard","5":"has-post-thumbnail","7":"category-nachhaltigkeit","8":"category-unkategorisiert"},"yoast_head":"<!-- This site is optimized with the Yoast SEO plugin v25.9 - https:\/\/yoast.com\/wordpress\/plugins\/seo\/ -->\r\n<title>Interne Umweltkommunikation - F&amp;H Group<\/title>\r\n<meta name=\"robots\" content=\"index, follow, max-snippet:-1, max-image-preview:large, max-video-preview:-1\" \/>\r\n<link rel=\"canonical\" href=\"https:\/\/fh-group.dk\/intern-miljoekommunikation\/\" \/>\r\n<meta property=\"og:locale\" content=\"de_DE\" \/>\r\n<meta property=\"og:type\" content=\"article\" \/>\r\n<meta property=\"og:title\" content=\"Interne Umweltkommunikation - F&amp;H Group\" \/>\r\n<meta property=\"og:description\" content=\"Wir streben an, dass unsere Arbeit mit dem Teil der Strategie, bei dem es um Nachhaltigkeit geht, im Inneren beginnt und nach au\u00dfen w\u00e4chst. Bei den ersten Schritten ging es daher darum, ein gemeinsames Verst\u00e4ndnis daf\u00fcr zu schaffen.\" \/>\r\n<meta property=\"og:url\" content=\"https:\/\/fh-group.dk\/intern-miljoekommunikation\/\" \/>\r\n<meta property=\"og:site_name\" content=\"F&amp;H Group\" \/>\r\n<meta property=\"article:published_time\" content=\"2022-05-30T09:23:53+00:00\" \/>\r\n<meta property=\"article:modified_time\" content=\"2022-08-12T12:55:26+00:00\" \/>\r\n<meta property=\"og:image\" content=\"https:\/\/fh-group.dk\/wp-content\/uploads\/Baeredygtighed-scaled.jpg\" \/>\r\n\t<meta property=\"og:image:width\" content=\"2560\" \/>\r\n\t<meta property=\"og:image:height\" content=\"1441\" \/>\r\n\t<meta property=\"og:image:type\" content=\"image\/jpeg\" \/>\r\n<meta name=\"author\" content=\"Kaspar Rudbech\" \/>\r\n<meta name=\"twitter:card\" content=\"summary_large_image\" \/>\r\n<meta name=\"twitter:label1\" content=\"Verfasst von\" \/>\n\t<meta name=\"twitter:data1\" content=\"Kaspar Rudbech\" \/>\n\t<meta name=\"twitter:label2\" content=\"Gesch\u00e4tzte Lesezeit\" \/>\n\t<meta name=\"twitter:data2\" content=\"4 minutes\" \/>\r\n<script type=\"application\/ld+json\" class=\"yoast-schema-graph\">{\"@context\":\"https:\/\/schema.org\",\"@graph\":[{\"@type\":\"WebPage\",\"@id\":\"https:\/\/fh-group.dk\/intern-miljoekommunikation\/\",\"url\":\"https:\/\/fh-group.dk\/intern-miljoekommunikation\/\",\"name\":\"Interne Umweltkommunikation - F&amp;H Group\",\"isPartOf\":{\"@id\":\"https:\/\/fh-group.dk\/#website\"},\"primaryImageOfPage\":{\"@id\":\"https:\/\/fh-group.dk\/intern-miljoekommunikation\/#primaryimage\"},\"image\":{\"@id\":\"https:\/\/fh-group.dk\/intern-miljoekommunikation\/#primaryimage\"},\"thumbnailUrl\":\"https:\/\/fh-group.dk\/wp-content\/uploads\/Baeredygtighed-scaled.jpg\",\"datePublished\":\"2022-05-30T09:23:53+00:00\",\"dateModified\":\"2022-08-12T12:55:26+00:00\",\"author\":{\"@id\":\"https:\/\/fh-group.dk\/#\/schema\/person\/b01710df2b43ab52236f57b7df38c271\"},\"inLanguage\":\"de-DE\",\"potentialAction\":[{\"@type\":\"ReadAction\",\"target\":[\"https:\/\/fh-group.dk\/intern-miljoekommunikation\/\"]}]},{\"@type\":\"ImageObject\",\"inLanguage\":\"de-DE\",\"@id\":\"https:\/\/fh-group.dk\/intern-miljoekommunikation\/#primaryimage\",\"url\":\"https:\/\/fh-group.dk\/wp-content\/uploads\/Baeredygtighed-scaled.jpg\",\"contentUrl\":\"https:\/\/fh-group.dk\/wp-content\/uploads\/Baeredygtighed-scaled.jpg\",\"width\":2560,\"height\":1441},{\"@type\":\"WebSite\",\"@id\":\"https:\/\/fh-group.dk\/#website\",\"url\":\"https:\/\/fh-group.dk\/\",\"name\":\"F&amp;H Group\",\"description\":\"A global brand house in Kitchen Living Dining\",\"potentialAction\":[{\"@type\":\"SearchAction\",\"target\":{\"@type\":\"EntryPoint\",\"urlTemplate\":\"https:\/\/fh-group.dk\/?s={search_term_string}\"},\"query-input\":{\"@type\":\"PropertyValueSpecification\",\"valueRequired\":true,\"valueName\":\"search_term_string\"}}],\"inLanguage\":\"de-DE\"},{\"@type\":\"Person\",\"@id\":\"https:\/\/fh-group.dk\/#\/schema\/person\/b01710df2b43ab52236f57b7df38c271\",\"name\":\"Kaspar Rudbech\",\"image\":{\"@type\":\"ImageObject\",\"inLanguage\":\"de-DE\",\"@id\":\"https:\/\/fh-group.dk\/#\/schema\/person\/image\/\",\"url\":\"https:\/\/secure.gravatar.com\/avatar\/dd4dd017e12a9a925ce09c211d3476c25eb9349cb2e04492889a2cece34bdef8?s=96&d=mm&r=g\",\"contentUrl\":\"https:\/\/secure.gravatar.com\/avatar\/dd4dd017e12a9a925ce09c211d3476c25eb9349cb2e04492889a2cece34bdef8?s=96&d=mm&r=g\",\"caption\":\"Kaspar Rudbech\"}}]}<\/script>\r\n<!-- \/ Yoast SEO plugin. -->","yoast_head_json":{"title":"Interne Umweltkommunikation - F&amp;H Group","robots":{"index":"index","follow":"follow","max-snippet":"max-snippet:-1","max-image-preview":"max-image-preview:large","max-video-preview":"max-video-preview:-1"},"canonical":"https:\/\/fh-group.dk\/intern-miljoekommunikation\/","og_locale":"de_DE","og_type":"article","og_title":"Interne Umweltkommunikation - F&amp;H Group","og_description":"Wir streben an, dass unsere Arbeit mit dem Teil der Strategie, bei dem es um Nachhaltigkeit geht, im Inneren beginnt und nach au\u00dfen w\u00e4chst. Bei den ersten Schritten ging es daher darum, ein gemeinsames Verst\u00e4ndnis daf\u00fcr zu schaffen.","og_url":"https:\/\/fh-group.dk\/intern-miljoekommunikation\/","og_site_name":"F&amp;H Group","article_published_time":"2022-05-30T09:23:53+00:00","article_modified_time":"2022-08-12T12:55:26+00:00","og_image":[{"width":2560,"height":1441,"url":"https:\/\/fh-group.dk\/wp-content\/uploads\/Baeredygtighed-scaled.jpg","type":"image\/jpeg"}],"author":"Kaspar Rudbech","twitter_card":"summary_large_image","twitter_misc":{"Verfasst von":"Kaspar Rudbech","Gesch\u00e4tzte Lesezeit":"4 minutes"},"schema":{"@context":"https:\/\/schema.org","@graph":[{"@type":"WebPage","@id":"https:\/\/fh-group.dk\/intern-miljoekommunikation\/","url":"https:\/\/fh-group.dk\/intern-miljoekommunikation\/","name":"Interne Umweltkommunikation - F&amp;H Group","isPartOf":{"@id":"https:\/\/fh-group.dk\/#website"},"primaryImageOfPage":{"@id":"https:\/\/fh-group.dk\/intern-miljoekommunikation\/#primaryimage"},"image":{"@id":"https:\/\/fh-group.dk\/intern-miljoekommunikation\/#primaryimage"},"thumbnailUrl":"https:\/\/fh-group.dk\/wp-content\/uploads\/Baeredygtighed-scaled.jpg","datePublished":"2022-05-30T09:23:53+00:00","dateModified":"2022-08-12T12:55:26+00:00","author":{"@id":"https:\/\/fh-group.dk\/#\/schema\/person\/b01710df2b43ab52236f57b7df38c271"},"inLanguage":"de-DE","potentialAction":[{"@type":"ReadAction","target":["https:\/\/fh-group.dk\/intern-miljoekommunikation\/"]}]},{"@type":"ImageObject","inLanguage":"de-DE","@id":"https:\/\/fh-group.dk\/intern-miljoekommunikation\/#primaryimage","url":"https:\/\/fh-group.dk\/wp-content\/uploads\/Baeredygtighed-scaled.jpg","contentUrl":"https:\/\/fh-group.dk\/wp-content\/uploads\/Baeredygtighed-scaled.jpg","width":2560,"height":1441},{"@type":"WebSite","@id":"https:\/\/fh-group.dk\/#website","url":"https:\/\/fh-group.dk\/","name":"F&amp;H Group","description":"A global brand house in Kitchen Living Dining","potentialAction":[{"@type":"SearchAction","target":{"@type":"EntryPoint","urlTemplate":"https:\/\/fh-group.dk\/?s={search_term_string}"},"query-input":{"@type":"PropertyValueSpecification","valueRequired":true,"valueName":"search_term_string"}}],"inLanguage":"de-DE"},{"@type":"Person","@id":"https:\/\/fh-group.dk\/#\/schema\/person\/b01710df2b43ab52236f57b7df38c271","name":"Kaspar Rudbech","image":{"@type":"ImageObject","inLanguage":"de-DE","@id":"https:\/\/fh-group.dk\/#\/schema\/person\/image\/","url":"https:\/\/secure.gravatar.com\/avatar\/dd4dd017e12a9a925ce09c211d3476c25eb9349cb2e04492889a2cece34bdef8?s=96&d=mm&r=g","contentUrl":"https:\/\/secure.gravatar.com\/avatar\/dd4dd017e12a9a925ce09c211d3476c25eb9349cb2e04492889a2cece34bdef8?s=96&d=mm&r=g","caption":"Kaspar Rudbech"}}]}},"_links":{"self":[{"href":"https:\/\/fh-group.dk\/de\/wp-json\/wp\/v2\/posts\/6731","targetHints":{"allow":["GET"]}}],"collection":[{"href":"https:\/\/fh-group.dk\/de\/wp-json\/wp\/v2\/posts"}],"about":[{"href":"https:\/\/fh-group.dk\/de\/wp-json\/wp\/v2\/types\/post"}],"author":[{"embeddable":true,"href":"https:\/\/fh-group.dk\/de\/wp-json\/wp\/v2\/users\/8"}],"replies":[{"embeddable":true,"href":"https:\/\/fh-group.dk\/de\/wp-json\/wp\/v2\/comments?post=6731"}],"version-history":[{"count":0,"href":"https:\/\/fh-group.dk\/de\/wp-json\/wp\/v2\/posts\/6731\/revisions"}],"wp:featuredmedia":[{"embeddable":true,"href":"https:\/\/fh-group.dk\/de\/wp-json\/wp\/v2\/media\/6678"}],"wp:attachment":[{"href":"https:\/\/fh-group.dk\/de\/wp-json\/wp\/v2\/media?parent=6731"}],"wp:term":[{"taxonomy":"category","embeddable":true,"href":"https:\/\/fh-group.dk\/de\/wp-json\/wp\/v2\/categories?post=6731"},{"taxonomy":"post_tag","embeddable":true,"href":"https:\/\/fh-group.dk\/de\/wp-json\/wp\/v2\/tags?post=6731"}],"curies":[{"name":"wp","href":"https:\/\/api.w.org\/{rel}","templated":true}]}}